{"id":1240,"date":"2019-06-14T15:42:12","date_gmt":"2019-06-14T13:42:12","guid":{"rendered":"https:\/\/www.chronoflex.ch\/\/?p=1240\/"},"modified":"2019-06-14T15:43:21","modified_gmt":"2019-06-14T13:43:21","slug":"intervention-a-la-fete-federale-de-gymnastique","status":"publish","type":"post","link":"https:\/\/www.chronoflex.ch\/fr\/intervention-a-la-fete-federale-de-gymnastique\/","title":{"rendered":"Intervention \u00e0 la f\u00eate f\u00e9d\u00e9rale de gymnastique"},"content":{"rendered":"<h4>La f\u00eate f\u00e9d\u00e9rale de gymnastique 2019 \u00e0 Aarau as d\u00e9j\u00e0 commanc\u00e9.<\/h4>\n<h4>Aujourd&rsquo;hui nous\u00a0avons \u00e9galement fait notre travail sur place. C&rsquo;est un plaisir de pouvoir travailler pour un telle f\u00eate.<\/h4>\n<h4>Nous souhaiton \u00e0 tous les participants beaucoup de succ\u00e8s et de plaisir!<\/h4>\n<p><img loading=\"lazy\" decoding=\"async\" class=\"alignnone wp-image-1233\" src=\"https:\/\/www.chronoflex.ch\/\/wp-content\/uploads\/2019\/06\/2019-06-14-169x300.jpg\" alt=\"\" width=\"273\" height=\"485\" srcset=\"https:\/\/www.chronoflex.ch\/wp-content\/uploads\/2019\/06\/2019-06-14-169x300.jpg 169w, https:\/\/www.chronoflex.ch\/wp-content\/uploads\/2019\/06\/2019-06-14-768x1365.jpg 768w, https:\/\/www.chronoflex.ch\/wp-content\/uploads\/2019\/06\/2019-06-14-576x1024.jpg 576w, https:\/\/www.chronoflex.ch\/wp-content\/uploads\/2019\/06\/2019-06-14-84x150.jpg 84w\" sizes=\"(max-width: 273px) 100vw, 273px\" \/>\u00a0 \u00a0 \u00a0 \u00a0 \u00a0 \u00a0 \u00a0 \u00a0 \u00a0 \u00a0 \u00a0 \u00a0 \u00a0 \u00a0 \u00a0 \u00a0 \u00a0 \u00a0 \u00a0 \u00a0 \u00a0 \u00a0 \u00a0 \u00a0 \u00a0 \u00a0 \u00a0 \u00a0 \u00a0 \u00a0 \u00a0 \u00a0 \u00a0 \u00a0 \u00a0 \u00a0 \u00a0 \u00a0 \u00a0 \u00a0 \u00a0 \u00a0 \u00a0 \u00a0<img loading=\"lazy\" decoding=\"async\" class=\"alignnone wp-image-1232\" src=\"https:\/\/www.chronoflex.ch\/\/wp-content\/uploads\/2019\/06\/2019-06-14-3-169x300.jpg\" alt=\"\" width=\"269\" height=\"478\" srcset=\"https:\/\/www.chronoflex.ch\/wp-content\/uploads\/2019\/06\/2019-06-14-3-169x300.jpg 169w, https:\/\/www.chronoflex.ch\/wp-content\/uploads\/2019\/06\/2019-06-14-3-768x1365.jpg 768w, https:\/\/www.chronoflex.ch\/wp-content\/uploads\/2019\/06\/2019-06-14-3-576x1024.jpg 576w, https:\/\/www.chronoflex.ch\/wp-content\/uploads\/2019\/06\/2019-06-14-3-84x150.jpg 84w\" sizes=\"(max-width: 269px) 100vw, 269px\" \/><\/p>\n<p>&nbsp;<\/p>\n","protected":false},"excerpt":{"rendered":"<p>La f\u00eate f\u00e9d\u00e9rale de gymnastique 2019 \u00e0 Aarau as d\u00e9j\u00e0 commanc\u00e9. Aujourd&rsquo;hui nous\u00a0avons \u00e9galement fait notre travail sur place. C&rsquo;est un plaisir de pouvoir travailler pour un telle f\u00eate. Nous souhaiton \u00e0 tous les participants beaucoup de succ\u00e8s et de plaisir! \u00a0 \u00a0 \u00a0 \u00a0 \u00a0 \u00a0 \u00a0 \u00a0 \u00a0 \u00a0 \u00a0 \u00a0 \u00a0 \u00a0 [&hellip;]<\/p>\n","protected":false},"author":2,"featured_media":1230,"comment_status":"closed","ping_status":"closed","sticky":false,"template":"","format":"standard","meta":{"_et_pb_use_builder":"","_et_pb_old_content":"","_et_gb_content_width":"","footnotes":""},"categories":[1],"tags":[],"class_list":["post-1240","post","type-post","status-publish","format-standard","has-post-thumbnail","hentry","category-clients"],"yoast_head":"<!-- This site is optimized with the Yoast SEO plugin v27.5 - https:\/\/yoast.com\/product\/yoast-seo-wordpress\/ -->\n<title>Intervention \u00e0 la f\u00eate f\u00e9d\u00e9rale de gymnastique - CHRONO Flex Suisse<\/title>\n<meta name=\"robots\" content=\"index, follow, max-snippet:-1, max-image-preview:large, max-video-preview:-1\" \/>\n<link rel=\"canonical\" href=\"https:\/\/www.chronoflex.ch\/fr\/intervention-a-la-fete-federale-de-gymnastique\/\" \/>\n<meta property=\"og:locale\" content=\"fr_FR\" \/>\n<meta property=\"og:type\" content=\"article\" \/>\n<meta property=\"og:title\" content=\"Intervention \u00e0 la f\u00eate f\u00e9d\u00e9rale de gymnastique - CHRONO Flex Suisse\" \/>\n<meta property=\"og:description\" content=\"La f\u00eate f\u00e9d\u00e9rale de gymnastique 2019 \u00e0 Aarau as d\u00e9j\u00e0 commanc\u00e9. Aujourd&rsquo;hui nous\u00a0avons \u00e9galement fait notre travail sur place. C&rsquo;est un plaisir de pouvoir travailler pour un telle f\u00eate. Nous souhaiton \u00e0 tous les participants beaucoup de succ\u00e8s et de plaisir! \u00a0 \u00a0 \u00a0 \u00a0 \u00a0 \u00a0 \u00a0 \u00a0 \u00a0 \u00a0 \u00a0 \u00a0 \u00a0 \u00a0 [&hellip;]\" \/>\n<meta property=\"og:url\" content=\"https:\/\/www.chronoflex.ch\/fr\/intervention-a-la-fete-federale-de-gymnastique\/\" \/>\n<meta property=\"og:site_name\" content=\"CHRONO Flex Suisse\" \/>\n<meta property=\"article:published_time\" content=\"2019-06-14T13:42:12+00:00\" \/>\n<meta property=\"article:modified_time\" content=\"2019-06-14T13:43:21+00:00\" \/>\n<meta property=\"og:image\" content=\"https:\/\/www.chronoflex.ch\/wp-content\/uploads\/2019\/06\/2019-06-14-1.jpg\" \/>\n\t<meta property=\"og:image:width\" content=\"2988\" \/>\n\t<meta property=\"og:image:height\" content=\"5312\" \/>\n\t<meta property=\"og:image:type\" content=\"image\/jpeg\" \/>\n<meta name=\"author\" content=\"chronoschweizag\" \/>\n<meta name=\"twitter:card\" content=\"summary_large_image\" \/>\n<meta name=\"twitter:label1\" content=\"\u00c9crit par\" \/>\n\t<meta name=\"twitter:data1\" content=\"chronoschweizag\" \/>\n<script type=\"application\/ld+json\" class=\"yoast-schema-graph\">{\"@context\":\"https:\\\/\\\/schema.org\",\"@graph\":[{\"@type\":\"Article\",\"@id\":\"https:\\\/\\\/www.chronoflex.ch\\\/fr\\\/intervention-a-la-fete-federale-de-gymnastique\\\/#article\",\"isPartOf\":{\"@id\":\"https:\\\/\\\/www.chronoflex.ch\\\/fr\\\/intervention-a-la-fete-federale-de-gymnastique\\\/\"},\"author\":{\"name\":\"chronoschweizag\",\"@id\":\"https:\\\/\\\/www.chronoflex.ch\\\/#\\\/schema\\\/person\\\/bf739ec1e33f4c4bcdcb2d69f0b7fef3\"},\"headline\":\"Intervention \u00e0 la f\u00eate f\u00e9d\u00e9rale de gymnastique\",\"datePublished\":\"2019-06-14T13:42:12+00:00\",\"dateModified\":\"2019-06-14T13:43:21+00:00\",\"mainEntityOfPage\":{\"@id\":\"https:\\\/\\\/www.chronoflex.ch\\\/fr\\\/intervention-a-la-fete-federale-de-gymnastique\\\/\"},\"wordCount\":57,\"image\":{\"@id\":\"https:\\\/\\\/www.chronoflex.ch\\\/fr\\\/intervention-a-la-fete-federale-de-gymnastique\\\/#primaryimage\"},\"thumbnailUrl\":\"https:\\\/\\\/www.chronoflex.ch\\\/wp-content\\\/uploads\\\/2019\\\/06\\\/2019-06-14-1.jpg\",\"articleSection\":[\"Clients\"],\"inLanguage\":\"fr-FR\"},{\"@type\":\"WebPage\",\"@id\":\"https:\\\/\\\/www.chronoflex.ch\\\/fr\\\/intervention-a-la-fete-federale-de-gymnastique\\\/\",\"url\":\"https:\\\/\\\/www.chronoflex.ch\\\/fr\\\/intervention-a-la-fete-federale-de-gymnastique\\\/\",\"name\":\"Intervention \u00e0 la f\u00eate f\u00e9d\u00e9rale de gymnastique - CHRONO Flex Suisse\",\"isPartOf\":{\"@id\":\"https:\\\/\\\/www.chronoflex.ch\\\/#website\"},\"primaryImageOfPage\":{\"@id\":\"https:\\\/\\\/www.chronoflex.ch\\\/fr\\\/intervention-a-la-fete-federale-de-gymnastique\\\/#primaryimage\"},\"image\":{\"@id\":\"https:\\\/\\\/www.chronoflex.ch\\\/fr\\\/intervention-a-la-fete-federale-de-gymnastique\\\/#primaryimage\"},\"thumbnailUrl\":\"https:\\\/\\\/www.chronoflex.ch\\\/wp-content\\\/uploads\\\/2019\\\/06\\\/2019-06-14-1.jpg\",\"datePublished\":\"2019-06-14T13:42:12+00:00\",\"dateModified\":\"2019-06-14T13:43:21+00:00\",\"author\":{\"@id\":\"https:\\\/\\\/www.chronoflex.ch\\\/#\\\/schema\\\/person\\\/bf739ec1e33f4c4bcdcb2d69f0b7fef3\"},\"breadcrumb\":{\"@id\":\"https:\\\/\\\/www.chronoflex.ch\\\/fr\\\/intervention-a-la-fete-federale-de-gymnastique\\\/#breadcrumb\"},\"inLanguage\":\"fr-FR\",\"potentialAction\":[{\"@type\":\"ReadAction\",\"target\":[\"https:\\\/\\\/www.chronoflex.ch\\\/fr\\\/intervention-a-la-fete-federale-de-gymnastique\\\/\"]}]},{\"@type\":\"ImageObject\",\"inLanguage\":\"fr-FR\",\"@id\":\"https:\\\/\\\/www.chronoflex.ch\\\/fr\\\/intervention-a-la-fete-federale-de-gymnastique\\\/#primaryimage\",\"url\":\"https:\\\/\\\/www.chronoflex.ch\\\/wp-content\\\/uploads\\\/2019\\\/06\\\/2019-06-14-1.jpg\",\"contentUrl\":\"https:\\\/\\\/www.chronoflex.ch\\\/wp-content\\\/uploads\\\/2019\\\/06\\\/2019-06-14-1.jpg\",\"width\":2988,\"height\":5312},{\"@type\":\"BreadcrumbList\",\"@id\":\"https:\\\/\\\/www.chronoflex.ch\\\/fr\\\/intervention-a-la-fete-federale-de-gymnastique\\\/#breadcrumb\",\"itemListElement\":[{\"@type\":\"ListItem\",\"position\":1,\"name\":\"Home\",\"item\":\"https:\\\/\\\/www.chronoflex.ch\\\/fr\\\/\"},{\"@type\":\"ListItem\",\"position\":2,\"name\":\"Intervention \u00e0 la f\u00eate f\u00e9d\u00e9rale de gymnastique\"}]},{\"@type\":\"WebSite\",\"@id\":\"https:\\\/\\\/www.chronoflex.ch\\\/#website\",\"url\":\"https:\\\/\\\/www.chronoflex.ch\\\/\",\"name\":\"CHRONO Flex Suisse\",\"description\":\"Flexibles hydrauliques sur site 24h\\\/7j\",\"potentialAction\":[{\"@type\":\"SearchAction\",\"target\":{\"@type\":\"EntryPoint\",\"urlTemplate\":\"https:\\\/\\\/www.chronoflex.ch\\\/?s={search_term_string}\"},\"query-input\":{\"@type\":\"PropertyValueSpecification\",\"valueRequired\":true,\"valueName\":\"search_term_string\"}}],\"inLanguage\":\"fr-FR\"},{\"@type\":\"Person\",\"@id\":\"https:\\\/\\\/www.chronoflex.ch\\\/#\\\/schema\\\/person\\\/bf739ec1e33f4c4bcdcb2d69f0b7fef3\",\"name\":\"chronoschweizag\",\"image\":{\"@type\":\"ImageObject\",\"inLanguage\":\"fr-FR\",\"@id\":\"https:\\\/\\\/secure.gravatar.com\\\/avatar\\\/cc4b442a33779d4d3637c6e8fa6f7eb6bdd28bfe964501699f304190b35ee6ec?s=96&d=mm&r=g\",\"url\":\"https:\\\/\\\/secure.gravatar.com\\\/avatar\\\/cc4b442a33779d4d3637c6e8fa6f7eb6bdd28bfe964501699f304190b35ee6ec?s=96&d=mm&r=g\",\"contentUrl\":\"https:\\\/\\\/secure.gravatar.com\\\/avatar\\\/cc4b442a33779d4d3637c6e8fa6f7eb6bdd28bfe964501699f304190b35ee6ec?s=96&d=mm&r=g\",\"caption\":\"chronoschweizag\"},\"url\":\"https:\\\/\\\/www.chronoflex.ch\\\/fr\\\/author\\\/chronoschweizag\\\/\"}]}<\/script>\n<!-- \/ Yoast SEO plugin. -->","yoast_head_json":{"title":"Intervention \u00e0 la f\u00eate f\u00e9d\u00e9rale de gymnastique - CHRONO Flex Suisse","robots":{"index":"index","follow":"follow","max-snippet":"max-snippet:-1","max-image-preview":"max-image-preview:large","max-video-preview":"max-video-preview:-1"},"canonical":"https:\/\/www.chronoflex.ch\/fr\/intervention-a-la-fete-federale-de-gymnastique\/","og_locale":"fr_FR","og_type":"article","og_title":"Intervention \u00e0 la f\u00eate f\u00e9d\u00e9rale de gymnastique - CHRONO Flex Suisse","og_description":"La f\u00eate f\u00e9d\u00e9rale de gymnastique 2019 \u00e0 Aarau as d\u00e9j\u00e0 commanc\u00e9. Aujourd&rsquo;hui nous\u00a0avons \u00e9galement fait notre travail sur place. C&rsquo;est un plaisir de pouvoir travailler pour un telle f\u00eate. Nous souhaiton \u00e0 tous les participants beaucoup de succ\u00e8s et de plaisir! \u00a0 \u00a0 \u00a0 \u00a0 \u00a0 \u00a0 \u00a0 \u00a0 \u00a0 \u00a0 \u00a0 \u00a0 \u00a0 \u00a0 [&hellip;]","og_url":"https:\/\/www.chronoflex.ch\/fr\/intervention-a-la-fete-federale-de-gymnastique\/","og_site_name":"CHRONO Flex Suisse","article_published_time":"2019-06-14T13:42:12+00:00","article_modified_time":"2019-06-14T13:43:21+00:00","og_image":[{"width":2988,"height":5312,"url":"https:\/\/www.chronoflex.ch\/wp-content\/uploads\/2019\/06\/2019-06-14-1.jpg","type":"image\/jpeg"}],"author":"chronoschweizag","twitter_card":"summary_large_image","twitter_misc":{"\u00c9crit par":"chronoschweizag"},"schema":{"@context":"https:\/\/schema.org","@graph":[{"@type":"Article","@id":"https:\/\/www.chronoflex.ch\/fr\/intervention-a-la-fete-federale-de-gymnastique\/#article","isPartOf":{"@id":"https:\/\/www.chronoflex.ch\/fr\/intervention-a-la-fete-federale-de-gymnastique\/"},"author":{"name":"chronoschweizag","@id":"https:\/\/www.chronoflex.ch\/#\/schema\/person\/bf739ec1e33f4c4bcdcb2d69f0b7fef3"},"headline":"Intervention \u00e0 la f\u00eate f\u00e9d\u00e9rale de gymnastique","datePublished":"2019-06-14T13:42:12+00:00","dateModified":"2019-06-14T13:43:21+00:00","mainEntityOfPage":{"@id":"https:\/\/www.chronoflex.ch\/fr\/intervention-a-la-fete-federale-de-gymnastique\/"},"wordCount":57,"image":{"@id":"https:\/\/www.chronoflex.ch\/fr\/intervention-a-la-fete-federale-de-gymnastique\/#primaryimage"},"thumbnailUrl":"https:\/\/www.chronoflex.ch\/wp-content\/uploads\/2019\/06\/2019-06-14-1.jpg","articleSection":["Clients"],"inLanguage":"fr-FR"},{"@type":"WebPage","@id":"https:\/\/www.chronoflex.ch\/fr\/intervention-a-la-fete-federale-de-gymnastique\/","url":"https:\/\/www.chronoflex.ch\/fr\/intervention-a-la-fete-federale-de-gymnastique\/","name":"Intervention \u00e0 la f\u00eate f\u00e9d\u00e9rale de gymnastique - CHRONO Flex Suisse","isPartOf":{"@id":"https:\/\/www.chronoflex.ch\/#website"},"primaryImageOfPage":{"@id":"https:\/\/www.chronoflex.ch\/fr\/intervention-a-la-fete-federale-de-gymnastique\/#primaryimage"},"image":{"@id":"https:\/\/www.chronoflex.ch\/fr\/intervention-a-la-fete-federale-de-gymnastique\/#primaryimage"},"thumbnailUrl":"https:\/\/www.chronoflex.ch\/wp-content\/uploads\/2019\/06\/2019-06-14-1.jpg","datePublished":"2019-06-14T13:42:12+00:00","dateModified":"2019-06-14T13:43:21+00:00","author":{"@id":"https:\/\/www.chronoflex.ch\/#\/schema\/person\/bf739ec1e33f4c4bcdcb2d69f0b7fef3"},"breadcrumb":{"@id":"https:\/\/www.chronoflex.ch\/fr\/intervention-a-la-fete-federale-de-gymnastique\/#breadcrumb"},"inLanguage":"fr-FR","potentialAction":[{"@type":"ReadAction","target":["https:\/\/www.chronoflex.ch\/fr\/intervention-a-la-fete-federale-de-gymnastique\/"]}]},{"@type":"ImageObject","inLanguage":"fr-FR","@id":"https:\/\/www.chronoflex.ch\/fr\/intervention-a-la-fete-federale-de-gymnastique\/#primaryimage","url":"https:\/\/www.chronoflex.ch\/wp-content\/uploads\/2019\/06\/2019-06-14-1.jpg","contentUrl":"https:\/\/www.chronoflex.ch\/wp-content\/uploads\/2019\/06\/2019-06-14-1.jpg","width":2988,"height":5312},{"@type":"BreadcrumbList","@id":"https:\/\/www.chronoflex.ch\/fr\/intervention-a-la-fete-federale-de-gymnastique\/#breadcrumb","itemListElement":[{"@type":"ListItem","position":1,"name":"Home","item":"https:\/\/www.chronoflex.ch\/fr\/"},{"@type":"ListItem","position":2,"name":"Intervention \u00e0 la f\u00eate f\u00e9d\u00e9rale de gymnastique"}]},{"@type":"WebSite","@id":"https:\/\/www.chronoflex.ch\/#website","url":"https:\/\/www.chronoflex.ch\/","name":"CHRONO Flex Suisse","description":"Flexibles hydrauliques sur site 24h\/7j","potentialAction":[{"@type":"SearchAction","target":{"@type":"EntryPoint","urlTemplate":"https:\/\/www.chronoflex.ch\/?s={search_term_string}"},"query-input":{"@type":"PropertyValueSpecification","valueRequired":true,"valueName":"search_term_string"}}],"inLanguage":"fr-FR"},{"@type":"Person","@id":"https:\/\/www.chronoflex.ch\/#\/schema\/person\/bf739ec1e33f4c4bcdcb2d69f0b7fef3","name":"chronoschweizag","image":{"@type":"ImageObject","inLanguage":"fr-FR","@id":"https:\/\/secure.gravatar.com\/avatar\/cc4b442a33779d4d3637c6e8fa6f7eb6bdd28bfe964501699f304190b35ee6ec?s=96&d=mm&r=g","url":"https:\/\/secure.gravatar.com\/avatar\/cc4b442a33779d4d3637c6e8fa6f7eb6bdd28bfe964501699f304190b35ee6ec?s=96&d=mm&r=g","contentUrl":"https:\/\/secure.gravatar.com\/avatar\/cc4b442a33779d4d3637c6e8fa6f7eb6bdd28bfe964501699f304190b35ee6ec?s=96&d=mm&r=g","caption":"chronoschweizag"},"url":"https:\/\/www.chronoflex.ch\/fr\/author\/chronoschweizag\/"}]}},"_links":{"self":[{"href":"https:\/\/www.chronoflex.ch\/fr\/wp-json\/wp\/v2\/posts\/1240","targetHints":{"allow":["GET"]}}],"collection":[{"href":"https:\/\/www.chronoflex.ch\/fr\/wp-json\/wp\/v2\/posts"}],"about":[{"href":"https:\/\/www.chronoflex.ch\/fr\/wp-json\/wp\/v2\/types\/post"}],"author":[{"embeddable":true,"href":"https:\/\/www.chronoflex.ch\/fr\/wp-json\/wp\/v2\/users\/2"}],"replies":[{"embeddable":true,"href":"https:\/\/www.chronoflex.ch\/fr\/wp-json\/wp\/v2\/comments?post=1240"}],"version-history":[{"count":2,"href":"https:\/\/www.chronoflex.ch\/fr\/wp-json\/wp\/v2\/posts\/1240\/revisions"}],"predecessor-version":[{"id":1242,"href":"https:\/\/www.chronoflex.ch\/fr\/wp-json\/wp\/v2\/posts\/1240\/revisions\/1242"}],"wp:featuredmedia":[{"embeddable":true,"href":"https:\/\/www.chronoflex.ch\/fr\/wp-json\/wp\/v2\/media\/1230"}],"wp:attachment":[{"href":"https:\/\/www.chronoflex.ch\/fr\/wp-json\/wp\/v2\/media?parent=1240"}],"wp:term":[{"taxonomy":"category","embeddable":true,"href":"https:\/\/www.chronoflex.ch\/fr\/wp-json\/wp\/v2\/categories?post=1240"},{"taxonomy":"post_tag","embeddable":true,"href":"https:\/\/www.chronoflex.ch\/fr\/wp-json\/wp\/v2\/tags?post=1240"}],"curies":[{"name":"wp","href":"https:\/\/api.w.org\/{rel}","templated":true}]}}